{"id":1322,"date":"2012-11-28T00:00:00","date_gmt":"2012-11-28T05:00:00","guid":{"rendered":"https:\/\/www.racketlon.ca\/?p=1322"},"modified":"2012-11-28T00:00:00","modified_gmt":"2012-11-28T05:00:00","slug":"des-canadiens-en-suede-aux-championnats-du-monde","status":"publish","type":"post","link":"https:\/\/www.racketlon.ca\/fr\/des-canadiens-en-suede-aux-championnats-du-monde\/","title":{"rendered":"Des Canadiens en Su\u00e8de aux championnats du monde et un video"},"content":{"rendered":"<div>  Les championnats du monde de Racketlon vont d\u00e9buter jeudi le 29 novembre \u00e0 Stockholm.\u00a0 Les tirages au sort furent effectu\u00e9s et on peut voir les tableaux en ligne <a title=\"draws Sweden\" href=\" http:\/\/www.resultreporter.com\/node\/124298\/draws\/list\"><strong><span style=\"color: #008000;\">ICI\u00a0<\/span><\/strong><\/a>de m\u00eame que les r\u00e9sultats des rencontres mis \u00e0 jour continuellement.\u00a0 Cinq Canadiens participeront \u00e0 ces championnats.\u00a0 Ils sont Jean-Michel Audet, Patrick Jr. Laplante, Dany Lessard, Evan Mancer and Omar Samad.  Jean-Michel Audet qui en ait \u00e0 sa premi\u00e8re exp\u00e9rience en Racketlon \u00e0 l\u2019ext\u00e9rieur du Canada.\u00a0 Il affrontera en premier un joueur de la r\u00e9publique Tch\u00e8que class\u00e9 9<sup>i\u00e8me<\/sup> au monde et ensuite possiblement un jeune Autrichien actuellement class\u00e9 num\u00e9ro un chez les juniors. \u00a0C\u2019est beaucoup de pain sur la planche pour le jeune joueur du Qu\u00e9bec mais ses adversaires devront \u00eatre prudents car il pourrait causer une surprise.\u00a0 Il y a aussi Patrick Jr. Laplante qui est class\u00e9 num\u00e9ro 2 chez les juniors de moins de 21 ans.\u00a0 Apr\u00e8s avoir \u00e9t\u00e9 finaliste et m\u00e9daill\u00e9 d\u2019argent l\u2019an dernier, il est consid\u00e9r\u00e9 comme ayant d\u2019excellentes chances de remporter le titre mondial cette ann\u00e9e.\u00a0 Meilleure chance \u00e0 tous.  Et si vous ne pouvez attendre pour voir de l\u2019action ou entendre des commentaires des joueurs, vous devriez aller voir le vid\u00e9o des Championnats du monde de 2011 tenus \u00e0 Viennes. \u00a0Ce vid\u00e9o fut r\u00e9alis\u00e9 par Nicolas Lessard Perez et Jamie Coveny.\u00a0 Merci beaucoup.\u00a0<strong><span style=\"color: #339966;\"> <a title=\"video champ monde 2011 de Nicolas Lessard Perez\" href=\"https:\/\/www.youtube.com\/watch?v=aSdZ-LAQ1Vc&amp;feature=plcp\"><span style=\"color: #339966;\">Voici le lien.<\/span><\/a><\/span><\/strong>  <\/div>\n<p> Jean-Michel Audet au tennis.  &nbsp;  <a href=\"https:\/\/www.racketlon.ca\/wp-content\/uploads\/2012\/11\/photo-Jean-Michel.jpg\"><img loading=\"lazy\" decoding=\"async\" class=\"alignleft size-medium wp-image-1396\" title=\"photo Jean-Michel\" src=\"https:\/\/www.racketlon.ca\/wp-content\/uploads\/2012\/11\/photo-Jean-Michel-300x226.jpg\" alt=\"\" width=\"300\" height=\"226\" \/><\/a>  &nbsp;  &nbsp;  \u00c9crit par:\u00a0 Dany Lessard, 28 novembre 2012<\/p>\n","protected":false},"excerpt":{"rendered":"<p> [&#8230;]<\/p>\n<p><a class=\"btn btn-secondary understrap-read-more-link\" href=\"https:\/\/www.racketlon.ca\/fr\/des-canadiens-en-suede-aux-championnats-du-monde\/\">Lire la suite\u2026<span class=\"screen-reader-text\"> from Des Canadiens en Su\u00e8de aux championnats du monde et un video<\/span><\/a><\/p>\n","protected":false},"author":1,"featured_media":0,"comment_status":"open","ping_status":"open","sticky":false,"template":"","format":"standard","meta":{"footnotes":""},"categories":[9],"tags":[],"class_list":["post-1322","post","type-post","status-publish","format-standard","hentry","category-racketlon-canada"],"yoast_head":"<!-- This site is optimized with the Yoast SEO plugin v22.9 - https:\/\/yoast.com\/wordpress\/plugins\/seo\/ -->\n<title>Des Canadiens en Su\u00e8de aux championnats du monde et un video - Racketlon Canada<\/title>\n<meta name=\"robots\" content=\"index, follow, max-snippet:-1, max-image-preview:large, max-video-preview:-1\" \/>\n<link rel=\"canonical\" href=\"https:\/\/www.racketlon.ca\/fr\/des-canadiens-en-suede-aux-championnats-du-monde\/\" \/>\n<meta property=\"og:locale\" content=\"fr_FR\" \/>\n<meta property=\"og:type\" content=\"article\" \/>\n<meta property=\"og:title\" content=\"Des Canadiens en Su\u00e8de aux championnats du monde et un video - Racketlon Canada\" \/>\n<meta property=\"og:description\" content=\"[...]Lire la suite\u2026 from Des Canadiens en Su\u00e8de aux championnats du monde et un video\" \/>\n<meta property=\"og:url\" content=\"https:\/\/www.racketlon.ca\/fr\/des-canadiens-en-suede-aux-championnats-du-monde\/\" \/>\n<meta property=\"og:site_name\" content=\"Racketlon Canada\" \/>\n<meta property=\"article:published_time\" content=\"2012-11-28T05:00:00+00:00\" \/>\n<meta property=\"og:image\" content=\"https:\/\/www.racketlon.ca\/wp-content\/uploads\/2012\/11\/photo-Jean-Michel-300x226.jpg\" \/>\n<meta name=\"author\" content=\"racketlonstage\" \/>\n<meta name=\"twitter:card\" content=\"summary_large_image\" \/>\n<meta name=\"twitter:label1\" content=\"\u00c9crit par\" \/>\n\t<meta name=\"twitter:data1\" content=\"racketlonstage\" \/>\n\t<meta name=\"twitter:label2\" content=\"Dur\u00e9e de lecture estim\u00e9e\" \/>\n\t<meta name=\"twitter:data2\" content=\"1 minute\" \/>\n<script type=\"application\/ld+json\" class=\"yoast-schema-graph\">{\"@context\":\"https:\/\/schema.org\",\"@graph\":[{\"@type\":\"WebPage\",\"@id\":\"https:\/\/www.racketlon.ca\/fr\/des-canadiens-en-suede-aux-championnats-du-monde\/\",\"url\":\"https:\/\/www.racketlon.ca\/fr\/des-canadiens-en-suede-aux-championnats-du-monde\/\",\"name\":\"Des Canadiens en Su\u00e8de aux championnats du monde et un video - Racketlon Canada\",\"isPartOf\":{\"@id\":\"https:\/\/www.racketlon.ca\/fr\/#website\"},\"primaryImageOfPage\":{\"@id\":\"https:\/\/www.racketlon.ca\/fr\/des-canadiens-en-suede-aux-championnats-du-monde\/#primaryimage\"},\"image\":{\"@id\":\"https:\/\/www.racketlon.ca\/fr\/des-canadiens-en-suede-aux-championnats-du-monde\/#primaryimage\"},\"thumbnailUrl\":\"https:\/\/www.racketlon.ca\/wp-content\/uploads\/2012\/11\/photo-Jean-Michel-300x226.jpg\",\"datePublished\":\"2012-11-28T05:00:00+00:00\",\"dateModified\":\"2012-11-28T05:00:00+00:00\",\"author\":{\"@id\":\"https:\/\/www.racketlon.ca\/fr\/#\/schema\/person\/c0a1ff7304f6ffe6d89b44275ce82430\"},\"breadcrumb\":{\"@id\":\"https:\/\/www.racketlon.ca\/fr\/des-canadiens-en-suede-aux-championnats-du-monde\/#breadcrumb\"},\"inLanguage\":\"fr-FR\",\"potentialAction\":[{\"@type\":\"ReadAction\",\"target\":[\"https:\/\/www.racketlon.ca\/fr\/des-canadiens-en-suede-aux-championnats-du-monde\/\"]}]},{\"@type\":\"ImageObject\",\"inLanguage\":\"fr-FR\",\"@id\":\"https:\/\/www.racketlon.ca\/fr\/des-canadiens-en-suede-aux-championnats-du-monde\/#primaryimage\",\"url\":\"https:\/\/www.racketlon.ca\/wp-content\/uploads\/2012\/11\/photo-Jean-Michel-300x226.jpg\",\"contentUrl\":\"https:\/\/www.racketlon.ca\/wp-content\/uploads\/2012\/11\/photo-Jean-Michel-300x226.jpg\"},{\"@type\":\"BreadcrumbList\",\"@id\":\"https:\/\/www.racketlon.ca\/fr\/des-canadiens-en-suede-aux-championnats-du-monde\/#breadcrumb\",\"itemListElement\":[{\"@type\":\"ListItem\",\"position\":1,\"name\":\"Accueil\",\"item\":\"https:\/\/www.racketlon.ca\/fr\/bienvenue-chez-racketlon-canada\/\"},{\"@type\":\"ListItem\",\"position\":2,\"name\":\"Des Canadiens en Su\u00e8de aux championnats du monde et un video\"}]},{\"@type\":\"WebSite\",\"@id\":\"https:\/\/www.racketlon.ca\/fr\/#website\",\"url\":\"https:\/\/www.racketlon.ca\/fr\/\",\"name\":\"Racketlon Canada\",\"description\":\"Racketlon is the combination of the four biggest racket sports in the world: Table Tennis, Badminton, Squash and Tennis.\",\"potentialAction\":[{\"@type\":\"SearchAction\",\"target\":{\"@type\":\"EntryPoint\",\"urlTemplate\":\"https:\/\/www.racketlon.ca\/fr\/?s={search_term_string}\"},\"query-input\":\"required name=search_term_string\"}],\"inLanguage\":\"fr-FR\"},{\"@type\":\"Person\",\"@id\":\"https:\/\/www.racketlon.ca\/fr\/#\/schema\/person\/c0a1ff7304f6ffe6d89b44275ce82430\",\"name\":\"racketlonstage\",\"image\":{\"@type\":\"ImageObject\",\"inLanguage\":\"fr-FR\",\"@id\":\"https:\/\/www.racketlon.ca\/fr\/#\/schema\/person\/image\/\",\"url\":\"https:\/\/secure.gravatar.com\/avatar\/1246b52c179a3ee68d8491399f0c16985d81e2d247eb725dfb5d46a1000e328f?s=96&d=mm&r=g\",\"contentUrl\":\"https:\/\/secure.gravatar.com\/avatar\/1246b52c179a3ee68d8491399f0c16985d81e2d247eb725dfb5d46a1000e328f?s=96&d=mm&r=g\",\"caption\":\"racketlonstage\"},\"sameAs\":[\"https:\/\/www.racketlon.ca\"],\"url\":\"https:\/\/www.racketlon.ca\/fr\/author\/racketlonstage\/\"}]}<\/script>\n<!-- \/ Yoast SEO plugin. -->","yoast_head_json":{"title":"Des Canadiens en Su\u00e8de aux championnats du monde et un video - Racketlon Canada","robots":{"index":"index","follow":"follow","max-snippet":"max-snippet:-1","max-image-preview":"max-image-preview:large","max-video-preview":"max-video-preview:-1"},"canonical":"https:\/\/www.racketlon.ca\/fr\/des-canadiens-en-suede-aux-championnats-du-monde\/","og_locale":"fr_FR","og_type":"article","og_title":"Des Canadiens en Su\u00e8de aux championnats du monde et un video - Racketlon Canada","og_description":"[...]Lire la suite\u2026 from Des Canadiens en Su\u00e8de aux championnats du monde et un video","og_url":"https:\/\/www.racketlon.ca\/fr\/des-canadiens-en-suede-aux-championnats-du-monde\/","og_site_name":"Racketlon Canada","article_published_time":"2012-11-28T05:00:00+00:00","og_image":[{"url":"https:\/\/www.racketlon.ca\/wp-content\/uploads\/2012\/11\/photo-Jean-Michel-300x226.jpg"}],"author":"racketlonstage","twitter_card":"summary_large_image","twitter_misc":{"\u00c9crit par":"racketlonstage","Dur\u00e9e de lecture estim\u00e9e":"1 minute"},"schema":{"@context":"https:\/\/schema.org","@graph":[{"@type":"WebPage","@id":"https:\/\/www.racketlon.ca\/fr\/des-canadiens-en-suede-aux-championnats-du-monde\/","url":"https:\/\/www.racketlon.ca\/fr\/des-canadiens-en-suede-aux-championnats-du-monde\/","name":"Des Canadiens en Su\u00e8de aux championnats du monde et un video - Racketlon Canada","isPartOf":{"@id":"https:\/\/www.racketlon.ca\/fr\/#website"},"primaryImageOfPage":{"@id":"https:\/\/www.racketlon.ca\/fr\/des-canadiens-en-suede-aux-championnats-du-monde\/#primaryimage"},"image":{"@id":"https:\/\/www.racketlon.ca\/fr\/des-canadiens-en-suede-aux-championnats-du-monde\/#primaryimage"},"thumbnailUrl":"https:\/\/www.racketlon.ca\/wp-content\/uploads\/2012\/11\/photo-Jean-Michel-300x226.jpg","datePublished":"2012-11-28T05:00:00+00:00","dateModified":"2012-11-28T05:00:00+00:00","author":{"@id":"https:\/\/www.racketlon.ca\/fr\/#\/schema\/person\/c0a1ff7304f6ffe6d89b44275ce82430"},"breadcrumb":{"@id":"https:\/\/www.racketlon.ca\/fr\/des-canadiens-en-suede-aux-championnats-du-monde\/#breadcrumb"},"inLanguage":"fr-FR","potentialAction":[{"@type":"ReadAction","target":["https:\/\/www.racketlon.ca\/fr\/des-canadiens-en-suede-aux-championnats-du-monde\/"]}]},{"@type":"ImageObject","inLanguage":"fr-FR","@id":"https:\/\/www.racketlon.ca\/fr\/des-canadiens-en-suede-aux-championnats-du-monde\/#primaryimage","url":"https:\/\/www.racketlon.ca\/wp-content\/uploads\/2012\/11\/photo-Jean-Michel-300x226.jpg","contentUrl":"https:\/\/www.racketlon.ca\/wp-content\/uploads\/2012\/11\/photo-Jean-Michel-300x226.jpg"},{"@type":"BreadcrumbList","@id":"https:\/\/www.racketlon.ca\/fr\/des-canadiens-en-suede-aux-championnats-du-monde\/#breadcrumb","itemListElement":[{"@type":"ListItem","position":1,"name":"Accueil","item":"https:\/\/www.racketlon.ca\/fr\/bienvenue-chez-racketlon-canada\/"},{"@type":"ListItem","position":2,"name":"Des Canadiens en Su\u00e8de aux championnats du monde et un video"}]},{"@type":"WebSite","@id":"https:\/\/www.racketlon.ca\/fr\/#website","url":"https:\/\/www.racketlon.ca\/fr\/","name":"Racketlon Canada","description":"Racketlon is the combination of the four biggest racket sports in the world: Table Tennis, Badminton, Squash and Tennis.","potentialAction":[{"@type":"SearchAction","target":{"@type":"EntryPoint","urlTemplate":"https:\/\/www.racketlon.ca\/fr\/?s={search_term_string}"},"query-input":"required name=search_term_string"}],"inLanguage":"fr-FR"},{"@type":"Person","@id":"https:\/\/www.racketlon.ca\/fr\/#\/schema\/person\/c0a1ff7304f6ffe6d89b44275ce82430","name":"racketlonstage","image":{"@type":"ImageObject","inLanguage":"fr-FR","@id":"https:\/\/www.racketlon.ca\/fr\/#\/schema\/person\/image\/","url":"https:\/\/secure.gravatar.com\/avatar\/1246b52c179a3ee68d8491399f0c16985d81e2d247eb725dfb5d46a1000e328f?s=96&d=mm&r=g","contentUrl":"https:\/\/secure.gravatar.com\/avatar\/1246b52c179a3ee68d8491399f0c16985d81e2d247eb725dfb5d46a1000e328f?s=96&d=mm&r=g","caption":"racketlonstage"},"sameAs":["https:\/\/www.racketlon.ca"],"url":"https:\/\/www.racketlon.ca\/fr\/author\/racketlonstage\/"}]}},"_links":{"self":[{"href":"https:\/\/www.racketlon.ca\/fr\/wp-json\/wp\/v2\/posts\/1322","targetHints":{"allow":["GET"]}}],"collection":[{"href":"https:\/\/www.racketlon.ca\/fr\/wp-json\/wp\/v2\/posts"}],"about":[{"href":"https:\/\/www.racketlon.ca\/fr\/wp-json\/wp\/v2\/types\/post"}],"author":[{"embeddable":true,"href":"https:\/\/www.racketlon.ca\/fr\/wp-json\/wp\/v2\/users\/1"}],"replies":[{"embeddable":true,"href":"https:\/\/www.racketlon.ca\/fr\/wp-json\/wp\/v2\/comments?post=1322"}],"version-history":[{"count":0,"href":"https:\/\/www.racketlon.ca\/fr\/wp-json\/wp\/v2\/posts\/1322\/revisions"}],"wp:attachment":[{"href":"https:\/\/www.racketlon.ca\/fr\/wp-json\/wp\/v2\/media?parent=1322"}],"wp:term":[{"taxonomy":"category","embeddable":true,"href":"https:\/\/www.racketlon.ca\/fr\/wp-json\/wp\/v2\/categories?post=1322"},{"taxonomy":"post_tag","embeddable":true,"href":"https:\/\/www.racketlon.ca\/fr\/wp-json\/wp\/v2\/tags?post=1322"}],"curies":[{"name":"wp","href":"https:\/\/api.w.org\/{rel}","templated":true}]}}